{"id":293,"date":"2023-10-11T05:09:10","date_gmt":"2023-10-11T05:09:10","guid":{"rendered":"https:\/\/n2-compressor.com\/china-manufacturer-compectitive-vacuum-air-compressor-for-spa-pool-air-compressor-price\/"},"modified":"2026-09-03T11:33:52","modified_gmt":"2026-09-03T11:33:52","slug":"china-manufacturer-compectitive-vacuum-air-compressor-for-spa-pool-air-compressor-price","status":"publish","type":"post","link":"https:\/\/n2-compressor.com\/tr\/china-manufacturer-compectitive-vacuum-air-compressor-for-spa-pool-air-compressor-price\/","title":{"rendered":"\u00c7inli \u00fcretici taraf\u0131ndan \u00fcretilen rekabet\u00e7i vakumlu hava kompres\u00f6r\u00fc, SPA havuzu hava kompres\u00f6r\u00fc fiyat\u0131."},"content":{"rendered":"<div class=\"et_pb_column et_pb_column_3_4 et_pb_column_0_tb_body  et_pb_css_mix_blend_mode_passthrough\">\n<div class=\"et_pb_module et_pb_post_content et_pb_post_content_0_tb_body\">\n<p><h2>\u00dcr\u00fcn A\u00e7\u0131klamas\u0131<\/h2>\n<p>\n<p><p><b>SCB Hava Kompres\u00f6r\u00fc Tan\u0131t\u0131m\u0131<\/b><br \/>SCB Vacuum, uzun y\u0131llard\u0131r \u00fcfleyici cihazlar geli\u015ftiren bir \u015firkettir. Ba\u015fl\u0131ca \u00fcr\u00fcnlerimiz hava kompres\u00f6r\u00fc, vakum \u00fcfleyici, santrif\u00fcj \u00fcfleyici, rejeneratif \u00fcfleyici, hava \u00fcfleyici, kay\u0131\u015f tahrikli \u00fcfleyici ve t\u00fcm par\u00e7alar\u0131d\u0131r. Geni\u015f \u00fcr\u00fcn yelpazemiz, piyasadaki rekabet g\u00fcc\u00fcn\u00fcz\u00fc b\u00fcy\u00fck \u00f6l\u00e7\u00fcde destekleyecektir.<\/p>\n<p>Hava kompres\u00f6rlerinde, t\u00fcm \u00fcfleyicilere istikrarl\u0131 kapasite ve performans sa\u011flamak i\u00e7in kal\u0131p d\u00f6k\u00fcm tekni\u011fi kullan\u0131lmaktad\u0131r.<\/p>\n<p>Bizim tercih etti\u011fimiz \u015fartlar FOB, CFR, CIF ve EXW vb. \u015fartlard\u0131r.<\/p>\n<p>Daha fazla teknik bilgi ve rekabet\u00e7i fiyat i\u00e7in l\u00fctfen bizimle ileti\u015fime ge\u00e7in!<\/p>\n<p><b>SCB Hava Kompres\u00f6r\u00fcn\u00fcn Avantajlar\u0131<\/b><\/p>\n<p>\u2605 Enerji Tasarrufu, ABB motor enerji d\u00f6n\u00fc\u015f\u00fcm\u00fc kullan\u0131larak 85% seviyesine ula\u015f\u0131l\u0131r.<\/p>\n<p>\u2605 IE2 ve IE3 Motor, Y\u00fcksek s\u0131n\u0131f koruma<\/p>\n<p>\u2605 Kolay kurulum ve bak\u0131m gerektirmez<\/p>\n<p>\u2605 Ya\u011fs\u0131z ve d\u00fc\u015f\u00fck sesli<\/p>\n<p>\u2605 Rekabet\u00e7i fiyat, iyi kalite, d\u00f6k\u00fcm i\u015flemi<\/p>\n<p>\u2605 Hem emme hem de \u00fcfleme \u00f6zelli\u011fi ayn\u0131 anda, Dayan\u0131kl\u0131 voltaj<\/p>\n<p><b>SCB Hava Kompres\u00f6r\u00fc \u00d6zellikleri<\/b><\/p>\n<table border=\"0\" cellpadding=\"0\" cellspacing=\"0\">\n<tbody>\n<tr>\n<td rowspan=\"2\"><b>Model<\/b><\/td>\n<td rowspan=\"2\"><b>Sahne<\/b><\/td>\n<td rowspan=\"2\"><b>S\u0131kl\u0131k<\/b><\/td>\n<td rowspan=\"2\"><b>G\u00fc\u00e7<\/b><\/td>\n<td rowspan=\"2\"><b>Gerilim<\/b><\/td>\n<td rowspan=\"2\"><b>Ak\u0131m<\/b><\/td>\n<td><b>MAX<\/b><\/td>\n<td><b>De\u011ferlendirildi<\/b><\/td>\n<td><b>De\u011ferlendirildi<\/b><\/td>\n<\/tr>\n<tr>\n<td><b>Hava ak\u0131\u015f\u0131<\/b><\/td>\n<td><b>Emme<\/b><\/td>\n<td><b>De\u015farj<\/b><\/td>\n<\/tr>\n<tr>\n<td colspan=\"1\" rowspan=\"3\">TH 730 H06<\/td>\n<td colspan=\"1\" rowspan=\"3\">Bekar<\/td>\n<td>Hz<\/td>\n<td>KW<\/td>\n<td>V<\/td>\n<td>A<\/td>\n<td>m3\/h<\/td>\n<td>mbar<\/td>\n<td>mbar<\/td>\n<\/tr>\n<tr>\n<td>50<\/td>\n<td>1.6<\/td>\n<td>200-240\u25b3345-415Y<\/td>\n<td>8.5\u25b3\/4.9Y<\/td>\n<td>420<\/td>\n<td>-100<\/td>\n<td>100<\/td>\n<\/tr>\n<tr>\n<td>60<\/td>\n<td>2.05<\/td>\n<td>220-275\u25b3380-480Y<\/td>\n<td>8.8\u25b3\/5.1Y<\/td>\n<td>500<\/td>\n<td>-110<\/td>\n<td>80<\/td>\n<\/tr>\n<\/tbody>\n<\/table>\n<p><p>Model: TH 730 H06 Marka: TEK\/ SCB<br \/>Frekans: 50\/60Hz Motor: IE2 \/ IE3\u00a0<br \/>G\u00fc\u00e7: 1,6 \/ 2,05 kW Voltaj: 200-240\/Y345-415<br \/>Hava ak\u0131\u015f\u0131: 420 m\u00b3\/saat Bas\u0131n\u00e7: 100 \/ -100 mbar<br \/>Paketleme \u015fekli: Karton kutularda paketlenmi\u015ftir. A\u011f\u0131rl\u0131k: 32 kg<br \/>Montaj \u015fekilleri: Dikey ve Yatay Boyutlar: 575*510*475 mm<\/p>\n<p><b>SCB Hava Kompres\u00f6r\u00fc Ba\u011flant\u0131 Par\u00e7alar\u0131<\/b><br \/>\u00dcfleyicilerimizle uyumlu, kullan\u0131m\u0131n\u0131z\u0131 \u00e7ok daha keyifli hale getirecek eksiksiz bir aksesuar yelpazemiz mevcuttur. Sundu\u011fumuz aksesuarlar aras\u0131nda susturucu, filtre, filtre haznesi, bas\u0131n\u00e7 tahliye vanas\u0131 (metal ve plastik) ve baz\u0131 ba\u011flant\u0131 par\u00e7alar\u0131 bulunmaktad\u0131r. \u0130\u015fte baz\u0131 foto\u011fraflar:<\/p>\n<p><b>SCB Hava Kompres\u00f6r\u00fc Uygulamalar\u0131 ve M\u00fc\u015fteri Foto\u011fraflar\u0131<\/b><br \/>Hava kompres\u00f6rlerimiz a\u015fa\u011f\u0131daki uygulamalarda kullan\u0131lmaktad\u0131r:\u00a0<br \/>\u2606 Pn\u00f6matik Ta\u015f\u0131ma Sistemi; Vakumlu Kald\u0131rma<br \/>\u2606 PCB Temizleme ve Kurutma; Kaplama Temizleme ve Kurutma<br \/>\u2606 Toprak \u0130yile\u015ftirme; At\u0131k Su Ar\u0131tma; Tuzdan Ar\u0131nd\u0131rma Tesisi<br \/>\u2606 Bask\u0131 Makinesi; Paketleme Makinesi; \u00c7orap \u00d6rme Makinesi<br \/>\u2606 Tar\u0131m Alan\u0131; Bal\u0131k \u00c7iftli\u011fi<br \/>\u2606 Di\u015f Vakumu ve Operasyonu<br \/>\u2606 Kal\u0131plama i\u00e7in So\u011futma<br \/>\u2606 G\u0131da \u0130\u015fleme<br \/>\u2606 CNC Masas\u0131<\/p>\n<p><b>A\u015fa\u011f\u0131da m\u00fc\u015fterilerimizden gelen baz\u0131 foto\u011fraflar\u0131 payla\u015f\u0131yoruz:<\/b><\/p>\n<p><b>SCB Vakum \u015eirketi hizmeti<\/b><br \/>\u00a0A. Profesyonel tasar\u0131m ve d\u00f6k\u00fcm \u00fcfleyiciler, istikrarl\u0131 kapasiteyi garanti eder.<br \/>\u00a0B. M\u00fchendis ekiplerimiz size en uygun modelleri se\u00e7menizde yard\u0131mc\u0131 olur.<br \/>\u00a0C. OEM hizmeti mevcuttur.<br \/>\u00a0D. Tam \u00fcr\u00fcn yelpazesi: halkal\u0131 \u00fcfleyiciler, kay\u0131\u015f tahrikli \u00fcfleyiciler, ATEX \u00fcfleyiciler, IP55 vb.<br \/>\u00a0E. 1 y\u0131l garanti, 7\/24 servis deste\u011fi<br \/>\u00a0F. Rekabet\u00e7i Fiyatlarla \u00dcst\u00fcn Kalite<br \/>\u00a0G. Teslim s\u00fcresi \u00f6deme yap\u0131ld\u0131ktan sonra 1 haftad\u0131r.<br \/>\u00a0H. Sertifikalar: CCC, CE, TUV<\/p>\n<p><b>SCB Hava Kompres\u00f6r\u00fc Fabrikas\u0131<\/b><br \/>Eksiksiz \u00fcretim hatt\u0131 ve test ekipmanlar\u0131 sayesinde, size \u00e7ok daha garantili \u00fcfleyiciler ve servis hizmeti sunuyoruz!<\/p>\n<p>En g\u00fcncel veriler ve fiyatlar i\u00e7in bizimle ileti\u015fime ge\u00e7ebilirsiniz!\u00a0<\/p>\n<table border=\"0\" cellpadding=\"0\" cellspacing=\"0\">\n<tbody>\n<tr>\n<td rowspan=\"5\">SCB<\/td>\n<td>Fanny<\/td>\n<\/tr>\n<tr>\n<td>SCB Vakum Teknolojisi Limited \u015eirketi<\/td>\n<\/tr>\n<tr>\n<td>\n<p>Ekle: C402, Kaisong End\u00fcstri Park\u0131, Xihu (Bat\u0131 G\u00f6l\u00fc) Dis., Xihu (Bat\u0131 G\u00f6l\u00fc) Dis., HangZhou, ZheJiang Eyaleti, \u00c7in<\/p>\n<\/td>\n<\/tr>\n<tr>\n<td>Web: vakum \u00fcfleyici\t \u00a0<\/td>\n<\/tr>\n<\/tbody>\n<\/table>\n<p>\n<p>\n<p>\n<p><table class=\"widefat\" id=\"add_new_publishing_attribute\"><\/div>\n<table class=\"widefat\" id=\"add_new_publishing_attribute\">\n<tbody>\n<tr>\n<th width=\"160\" class=\"th-label\">Malzeme:<\/th>\n<td>Al\u00fcminyum<\/td>\n<\/tr>\n<tr>\n<th width=\"160\" class=\"th-label\">Kullan\u0131m:<\/th>\n<td>Vakum ve Bas\u0131n\u00e7 Sa\u011flay\u0131n<\/td>\n<\/tr>\n<tr>\n<th width=\"160\" class=\"th-label\">Ak\u0131\u015f Y\u00f6n\u00fc:<\/th>\n<td>Eksenel Ak\u0131\u015f<\/td>\n<\/tr>\n<\/tbody>\n<\/table>\n<div class=\"attr-line\"><\/div>\n<table class=\"widefat\" id=\"add_new_publishing_attribute\">\n<tbody>\n<tr>\n<th width=\"160\" class=\"th-label\">\u00d6rnekler:<\/th>\n<td>\n<div class=\"sample-order-info\">\n<div class=\"info-text\">\n                                        <strong class=\"red\">US$ 267\/Adet<\/strong><br \/>\n                                        <span title=\"1 Adet (Minimum Sipari\u015f)\">1 Adet (Minimum Sipari\u015f)<\/span>\n                                        <\/div>\n<p>                                        <span class=\"gap\">|<\/span><\/p>\n<p>                                                <i class=\"ob-icon icon-product\"><\/i>Sipari\u015f \u00d6rne\u011fi<\/p><\/div>\n<div class=\"sample-order-desc\"><\/div>\n<\/td>\n<\/tr>\n<\/tbody>\n<\/table>\n<table class=\"widefat\" id=\"add_new_publishing_attribute\">\n<tbody>\n<tr>\n<th width=\"160\" class=\"th-label\">\u00d6zelle\u015ftirme:<\/th>\n<td>\n<div class=\"sample-order-info\">\n<div class=\"info-text\">\n                                            Mevcut\n                                        <\/div>\n<p>                                        <span class=\"gap\">|<\/span><\/p>\n<p>                                        <i class=\"ob-icon icon-fill\"><\/i><\/p><\/div>\n<\/td>\n<\/tr>\n<\/tbody>\n<\/table>\n<p>                            .shipping-cost-tm .tm-status-off{background: none;padding:0;color: #1470cc}<\/p>\n<div class=\"attr-line\"><\/div>\n<table class=\"widefat\" id=\"add_new_publishing_attribute\">\n<tbody>\n<tr>\n<th width=\"160\" class=\"th-label\">\n                                        Nakliye \u00dccreti:<\/p>\n<div class=\"freight-tips help-tips J-help\">\n                                            <i class=\"ob-icon icon-problem\"><\/i><\/p>\n<div class=\"tips tips-system J-tips\">\n<div class=\"tips-con\">\n<p>Birim ba\u015f\u0131na tahmini nakliye \u00fccreti.<\/p>\n<p>                                                    <span class=\"arrow arrow-top\"><br \/>\n\t\t\t\t\t\t\t\t\t\t\t\t\t<span class=\"arrow arrow-in\"><\/span><br \/>\n\t\t\t\t\t\t\t\t\t\t\t\t<\/span>\n                                                <\/div>\n<\/p><\/div>\n<\/p><\/div>\n<\/th>\n<td>\n                                        <span class=\"shipping-cost-tm\"><br \/>\n                                            <b class=\"tm3_chat_status\"><br \/>\n                                            <\/b><br \/>\n                                        <\/span><br \/>\n                                        Kargo \u00fccreti ve tahmini teslim s\u00fcresi hakk\u0131nda bilgi.\n                                    <\/td>\n<\/tr>\n<\/tbody>\n<\/table>\n<table class=\"widefat\" id=\"add_new_publishing_attribute\">\n<tbody>\n<tr>\n<th width=\"160\" class=\"th-label\" style=\"padding-bottom: 10px\">\u00d6deme y\u00f6ntemi:\n                                <\/th>\n<td>\n                                    <span style=\"margin-right: 8px;width: 40px;height: 23px\"><\/p>\n<p>                                    <\/span><br \/>\n                                    <span style=\"margin-right: 8px;width: 40px;height: 23px\"><\/p>\n<p>                                    <\/span><br \/>\n                                    <span style=\"margin-right: 8px;width: 40px;height: 23px\"><\/p>\n<p>                                    <\/span><br \/>\n                                    <span style=\"margin-right: 8px;width: 40px;height: 23px\"><\/p>\n<p>                                    <\/span><br \/>\n                                    <span style=\"margin-right: 8px;width: 40px;height: 23px\"><\/p>\n<p>                                    <\/span><br \/>\n                                    <span style=\"margin-right: 8px;width: 40px;height: 23px\"><\/p>\n<p>                                    <\/span><br \/>\n                                    <span style=\"margin-right: 8px;width: 40px;height: 23px\"><\/p>\n<p>                                    <\/span>\n                                <\/td>\n<\/tr>\n<tr>\n<th width=\"160\" class=\"th-label\">&nbsp;\n                                <\/th>\n<td>\n                                    <span style=\"margin-right: 40px;color: #888\"><br \/>\n                                        <i class=\"ob-icon icon-yes2\" style=\"color: #13BF13\"><\/i><br \/>\n                                        \u0130lk \u00d6deme<br \/>\n                                    <\/span><br \/>\n                                    <span style=\"margin-right: 40px;color: #888\"><br \/>\n                                        <i class=\"ob-icon icon-yes2\" style=\"color: #13BF13\"><\/i><br \/>\n                                        Tam \u00d6deme<br \/>\n                                    <\/span>\n                                <\/td>\n<\/tr>\n<\/tbody>\n<\/table>\n<table class=\"widefat\" id=\"add_new_publishing_attribute\">\n<tbody>\n<tr>\n<th width=\"160\" class=\"th-label\">Para birimi:\n                                <\/th>\n<td>\n                                    <span id=\"tradeCurrency\" style=\"cursor: pointer;font-size: 16px\">US$<\/span>\n                                <\/td>\n<\/tr>\n<\/tbody>\n<\/table>\n<table class=\"widefat\" id=\"add_new_publishing_attribute\">\n<tbody>\n<tr>\n<th width=\"160\" class=\"th-label\">\u0130ade ve geri \u00f6demeler:\n                                <\/th>\n<td>\n                                    \u00dcr\u00fcnleri teslim ald\u0131ktan sonraki 30 g\u00fcne kadar iade talebinde bulunabilirsiniz.\n                                <\/td>\n<\/tr>\n<\/tbody>\n<\/table><\/div>\n<\/p><\/div>\n<\/table>\n<p><img decoding=\"async\" src=\"https:\/\/img.jiansujichilun.com\/img\/air%20compressor\/air-compressor%20(14).webp\" alt=\"air compressor\" width=\"800\" \/><\/p>\n<h3>Hava kompres\u00f6rleri gaz s\u0131k\u0131\u015ft\u0131rma ve depolama i\u00e7in kullan\u0131labilir mi?<\/h3>\n<p>Evet, hava kompres\u00f6rleri gaz s\u0131k\u0131\u015ft\u0131rma ve depolama i\u00e7in kullan\u0131labilir. Hava kompres\u00f6rleri genellikle havay\u0131 s\u0131k\u0131\u015ft\u0131rmak ve depolamak i\u00e7in kullan\u0131l\u0131rken, \u00f6zel uygulama gereksinimlerine ba\u011fl\u0131 olarak di\u011fer gazlar\u0131 s\u0131k\u0131\u015ft\u0131rmak ve depolamak i\u00e7in de kullan\u0131labilirler. \u0130\u015fte hava kompres\u00f6rlerinin gaz s\u0131k\u0131\u015ft\u0131rma ve depolama i\u00e7in nas\u0131l kullan\u0131labilece\u011fi:<\/p>\n<p><strong>Gaz S\u0131k\u0131\u015ft\u0131rma:<\/strong><\/p>\n<p>Hava kompres\u00f6rleri, havay\u0131 s\u0131k\u0131\u015ft\u0131rmak i\u00e7in kullan\u0131lan ayn\u0131 prensipleri kullanarak \u00e7e\u015fitli gazlar\u0131 s\u0131k\u0131\u015ft\u0131rabilir. Kompres\u00f6r, gaz\u0131 belirli bir bas\u0131n\u00e7ta al\u0131r ve s\u0131k\u0131\u015ft\u0131rma i\u015flemiyle bas\u0131nc\u0131 art\u0131r\u0131r ve gaz\u0131n hacmini azalt\u0131r. Bu s\u0131k\u0131\u015ft\u0131r\u0131lm\u0131\u015f gaz daha sonra end\u00fcstriyel s\u00fcre\u00e7ler, gaz boru hatlar\u0131 veya depolama sistemleri gibi farkl\u0131 ama\u00e7lar i\u00e7in kullan\u0131labilir.<\/p>\n<p><strong>Gaz Depolama:<\/strong><\/p>\n<p>Hava kompres\u00f6rleri, gaz\u0131 depolama kaplar\u0131na veya tanklar\u0131na s\u0131k\u0131\u015ft\u0131rarak gaz depolama amac\u0131yla da kullan\u0131labilir. S\u0131k\u0131\u015ft\u0131r\u0131lm\u0131\u015f gaz, ihtiya\u00e7 duyulana kadar bu kaplarda y\u00fcksek bas\u0131n\u00e7 alt\u0131nda depolan\u0131r. Gaz depolama, do\u011fal gaz depolama tesisleri veya ara\u00e7larda yak\u0131t olarak kullan\u0131lan s\u0131k\u0131\u015ft\u0131r\u0131lm\u0131\u015f do\u011fal gaz\u0131n (CNG) depolanmas\u0131 gibi s\u00fcrekli ve g\u00fcvenilir bir gaz tedarikine ihtiya\u00e7 duyulan end\u00fcstrilerde yayg\u0131n olarak kullan\u0131l\u0131r.<\/p>\n<p><strong>Gaz T\u00fcrleri:<\/strong><\/p>\n<p>Hava kompres\u00f6rleri \u00f6ncelikle havay\u0131 s\u0131k\u0131\u015ft\u0131rmak i\u00e7in tasarlanm\u0131\u015f olsa da, a\u015fa\u011f\u0131dakiler de dahil olmak \u00fczere \u00e7e\u015fitli gazlar\u0131 i\u015flemek \u00fczere uyarlanabilirler:<\/p>\n<ul>\n<li>Azot<\/li>\n<li>Oksijen<\/li>\n<li>Hidrojen<\/li>\n<li>Karbondioksit<\/li>\n<li>Do\u011fal gaz<\/li>\n<li>So\u011futucu gazlar<\/li>\n<\/ul>\n<p>Gaz s\u0131k\u0131\u015ft\u0131rma ve depolama i\u00e7in hava kompres\u00f6rleri kullan\u0131l\u0131rken baz\u0131 hususlar\u0131n dikkate al\u0131nmas\u0131 gerekti\u011fini belirtmek \u00f6nemlidir. Bunlar aras\u0131nda kompres\u00f6r malzemelerinin s\u0131k\u0131\u015ft\u0131r\u0131lan gazla uyumlulu\u011fu, gaz s\u0131z\u0131nt\u0131lar\u0131n\u0131 \u00f6nlemek i\u00e7in uygun s\u0131zd\u0131rmazl\u0131\u011f\u0131n sa\u011flanmas\u0131 ve s\u0131k\u0131\u015ft\u0131r\u0131lm\u0131\u015f gazlar\u0131n kullan\u0131m\u0131 ve depolanmas\u0131 i\u00e7in g\u00fcvenlik y\u00f6netmeliklerine ve y\u00f6nergelerine uyulmas\u0131 yer almaktad\u0131r.<\/p>\n<p>Hava kompres\u00f6rlerinin yeteneklerinden yararlan\u0131larak, gazlar\u0131n verimli bir \u015fekilde s\u0131k\u0131\u015ft\u0131r\u0131lmas\u0131 ve depolanmas\u0131 m\u00fcmk\u00fcn olmakta ve bu da \u00e7e\u015fitli end\u00fcstriyel, ticari ve konut uygulamalar\u0131 i\u00e7in g\u00fcvenilir bir tedarik sa\u011flamaktad\u0131r.<\/p>\n<p><img decoding=\"async\" src=\"https:\/\/img.jiansujichilun.com\/img\/air%20compressor\/air-compressor%20(9).webp\" alt=\"air compressor\" width=\"800\" \/><\/p>\n<h3>Hava kompres\u00f6rleri kullan\u0131l\u0131rken \u00e7evresel hususlar nelerdir?<\/h3>\n<p>Hava kompres\u00f6rleri kullan\u0131rken, dikkate al\u0131nmas\u0131 gereken \u00e7e\u015fitli \u00e7evresel hususlar vard\u0131r. \u0130\u015fte bu \u00f6nemli fakt\u00f6rlerden baz\u0131lar\u0131na ayr\u0131nt\u0131l\u0131 bir bak\u0131\u015f:<\/p>\n<p><strong>Enerji Verimlili\u011fi:<\/strong><\/p>\n<p>Hava kompres\u00f6rleri kullan\u0131l\u0131rken enerji verimlili\u011fi, \u00e7evresel a\u00e7\u0131dan son derece \u00f6nemli bir husustur. Hava s\u0131k\u0131\u015ft\u0131rmak \u00f6nemli miktarda enerji gerektirir ve verimsiz kompres\u00f6rler a\u015f\u0131r\u0131 g\u00fc\u00e7 t\u00fcketerek daha y\u00fcksek enerji t\u00fcketimine ve sera gaz\u0131 emisyonlar\u0131nda art\u0131\u015fa yol a\u00e7abilir. Enerji israf\u0131n\u0131 en aza indirmeye ve karbon ayak izini azaltmaya yard\u0131mc\u0131 olabilecek De\u011fi\u015fken H\u0131z S\u00fcr\u00fcc\u00fcs\u00fc (VSD) teknolojisi ve verimli motor tasar\u0131m\u0131 gibi \u00f6zellikler i\u00e7eren enerji verimli hava kompres\u00f6rleri se\u00e7mek \u00f6nemlidir.<\/p>\n<p><strong>Hava Ka\u00e7a\u011f\u0131:<\/strong><\/p>\n<p>Bas\u0131n\u00e7l\u0131 hava sistemlerinde hava ka\u00e7a\u011f\u0131 yayg\u0131n bir sorundur ve enerji israf\u0131na ve \u00e7evresel etkiye katk\u0131da bulunabilir. Sistemdeki s\u0131z\u0131nt\u0131lar, bas\u0131n\u00e7l\u0131 havan\u0131n s\u00fcrekli olarak sal\u0131nmas\u0131na neden olur ve bu da kompres\u00f6r\u00fcn istenen bas\u0131nc\u0131 korumak i\u00e7in daha fazla \u00e7al\u0131\u015fmas\u0131na ve daha fazla enerji t\u00fcketmesine yol a\u00e7ar. Bas\u0131n\u00e7l\u0131 hava sisteminin d\u00fczenli olarak incelenmesi ve bak\u0131m\u0131, s\u0131z\u0131nt\u0131lar\u0131n tespit edilmesi ve onar\u0131lmas\u0131, hava kayb\u0131n\u0131 azaltmaya ve genel enerji verimlili\u011fini art\u0131rmaya yard\u0131mc\u0131 olabilir.<\/p>\n<p><strong>G\u00fcr\u00fclt\u00fc Kirlili\u011fi:<\/strong><\/p>\n<p>Hava kompres\u00f6rleri \u00e7al\u0131\u015fma s\u0131ras\u0131nda \u00f6nemli d\u00fczeyde g\u00fcr\u00fclt\u00fc \u00fcretebilir ve bu da g\u00fcr\u00fclt\u00fc kirlili\u011fine katk\u0131da bulunabilir. Y\u00fcksek g\u00fcr\u00fclt\u00fc seviyelerine uzun s\u00fcre maruz kalmak insan sa\u011fl\u0131\u011f\u0131 ve refah\u0131 \u00fczerinde zararl\u0131 etkilere sahip olabilir ve ayr\u0131ca \u00e7evreyi ve vah\u015fi ya\u015fam\u0131 da etkileyebilir. G\u00fcr\u00fclt\u00fc kirlili\u011finin etkisini azaltmak i\u00e7in ses yal\u0131t\u0131m\u0131, ekipman\u0131n do\u011fru yerle\u015ftirilmesi ve daha sessiz kompres\u00f6r modellerinin kullan\u0131lmas\u0131 gibi g\u00fcr\u00fclt\u00fc azaltma \u00f6nlemlerini dikkate almak \u00f6nemlidir.<\/p>\n<p><strong>Emisyonlar:<\/strong><\/p>\n<p>Hava kompres\u00f6rleri do\u011frudan kirletici madde yaymasa da, onlar\u0131 \u00e7al\u0131\u015ft\u0131rmak i\u00e7in kullan\u0131lan elektrik veya yak\u0131t\u0131n \u00e7evresel bir etkisi olabilir. Elektrik fosil yak\u0131tlardan \u00fcretiliyorsa, enerji santrallerinden kaynaklanan emisyonlar hava kirlili\u011fine ve sera gaz\u0131 emisyonlar\u0131na katk\u0131da bulunur. Yenilenebilir enerji gibi daha d\u00fc\u015f\u00fck emisyonlu enerji kaynaklar\u0131n\u0131 se\u00e7mek, hava kompres\u00f6rlerinin \u00e7al\u0131\u015ft\u0131r\u0131lmas\u0131n\u0131n \u00e7evresel etkisini azaltmaya yard\u0131mc\u0131 olabilir.<\/p>\n<p><strong>Do\u011fru At\u0131k Y\u00f6netimi:<\/strong><\/p>\n<p>Hava kompres\u00f6rleri kullan\u0131l\u0131rken uygun at\u0131k y\u00f6netimi \u015fartt\u0131r. Bu, kompres\u00f6r ya\u011flay\u0131c\u0131lar\u0131n\u0131n, filtrelerin ve di\u011fer bak\u0131m malzemelerinin uygun \u015fekilde bertaraf edilmesini i\u00e7erir. Toprak, su veya havan\u0131n kirlenmesini \u00f6nlemek ve \u00e7evresel etkiyi en aza indirmek i\u00e7in at\u0131k bertaraf\u0131 konusunda yerel d\u00fczenlemelere ve y\u00f6nergelere uymak \u00f6nemlidir.<\/p>\n<p><strong>S\u00fcrd\u00fcr\u00fclebilir Uygulamalar:<\/strong><\/p>\n<p>S\u00fcrd\u00fcr\u00fclebilir uygulamalar\u0131n benimsenmesi, hava kompres\u00f6rlerinin kullan\u0131m\u0131n\u0131n \u00e7evresel etkisini daha da azaltabilir. Bu, performans\u0131 optimize etmek i\u00e7in \u00f6nleyici bak\u0131m programlar\u0131n\u0131n uygulanmas\u0131n\u0131, bekleme s\u00fcresinin azalt\u0131lmas\u0131n\u0131 ve a\u015f\u0131r\u0131 bas\u0131n\u00e7land\u0131rmadan ka\u00e7\u0131narak ve sistem tasar\u0131m\u0131n\u0131 optimize ederek bas\u0131n\u00e7l\u0131 havan\u0131n sorumlu kullan\u0131m\u0131n\u0131n te\u015fvik edilmesini i\u00e7erebilir.<\/p>\n<p>Bu \u00e7evresel fakt\u00f6rleri g\u00f6z \u00f6n\u00fcnde bulundurarak ve uygun \u00f6nlemleri alarak, hava kompres\u00f6rlerinin kullan\u0131m\u0131ndan kaynaklanan \u00e7evresel etkiyi en aza indirmek m\u00fcmk\u00fcnd\u00fcr. Enerji verimli modeller se\u00e7mek, hava ka\u00e7aklar\u0131n\u0131 gidermek, at\u0131klar\u0131 do\u011fru \u015fekilde y\u00f6netmek ve s\u00fcrd\u00fcr\u00fclebilir uygulamalar\u0131 benimsemek, daha \u00e7evre dostu bir i\u015fletmeye katk\u0131da bulunabilir.<\/p>\n<p><img decoding=\"async\" src=\"https:\/\/img.jiansujichilun.com\/img\/air%20compressor\/air-compressor%20(6).webp\" alt=\"air compressor\" width=\"800\" \/><\/p>\n<h3>Hava kompres\u00f6rleri hangi sekt\u00f6rlerde yayg\u0131n olarak kullan\u0131lmaktad\u0131r?<\/h3>\n<p>Hava kompres\u00f6rleri, \u00e7ok y\u00f6nl\u00fcl\u00fckleri ve bas\u0131n\u00e7l\u0131 hava \u00fcretme yetenekleri nedeniyle \u00e7e\u015fitli end\u00fcstrilerde yayg\u0131n olarak kullan\u0131lmaktad\u0131r. \u0130\u015fte hava kompres\u00f6rlerinin yayg\u0131n olarak kullan\u0131ld\u0131\u011f\u0131 baz\u0131 end\u00fcstriler:<\/p>\n<p>1. <strong>\u00dcretme:<\/strong> Hava kompres\u00f6rleri, pn\u00f6matik alet ve ekipmanlara g\u00fc\u00e7 sa\u011flamak i\u00e7in \u00fcretim s\u00fcre\u00e7lerinde vazge\u00e7ilmezdir. Montaj hatlar\u0131n\u0131 \u00e7al\u0131\u015ft\u0131rmak, robotik makineleri beslemek, boya p\u00fcsk\u00fcrtme makinelerini \u00e7al\u0131\u015ft\u0131rmak ve pn\u00f6matik akt\u00fcat\u00f6rleri s\u00fcrmek gibi g\u00f6revlerde kullan\u0131l\u0131rlar.<\/p>\n<p>2. <strong>Yap\u0131:<\/strong> Hava kompres\u00f6rleri in\u015faat sekt\u00f6r\u00fcnde \u00e7ok \u00f6nemli bir rol oynar. K\u0131r\u0131c\u0131lar, \u00e7ivi tabancalar\u0131, darbeli anahtarlar ve beton k\u0131r\u0131c\u0131lar gibi pn\u00f6matik aletlere g\u00fc\u00e7 sa\u011flar. Bas\u0131n\u00e7l\u0131 hava ayr\u0131ca beton p\u00fcsk\u00fcrtme, kumlama ve hava tahrikli asans\u00f6r ve vin\u00e7lerin \u00e7al\u0131\u015ft\u0131r\u0131lmas\u0131nda da kullan\u0131l\u0131r.<\/p>\n<p>3. <strong>Otomotiv:<\/strong> Hava kompres\u00f6rleri otomotiv imalat\u0131 ve onar\u0131m\u0131nda yayg\u0131n olarak kullan\u0131lmaktad\u0131r. Oto tamir at\u00f6lyelerinde kullan\u0131lan hava aletlerine, lastik \u015fi\u015firme ekipmanlar\u0131na, pn\u00f6matik kald\u0131rma sistemlerine ve hava tahrikli fren sistemlerine g\u00fc\u00e7 sa\u011flarlar. S\u0131k\u0131\u015ft\u0131r\u0131lm\u0131\u015f hava ayr\u0131ca ara\u00e7 boyama ve kurutma i\u015flemlerinde de kullan\u0131l\u0131r.<\/p>\n<p>4. <strong>Petrol ve Do\u011falgaz:<\/strong> Petrol ve do\u011falgaz end\u00fcstrisi, \u00e7e\u015fitli uygulamalar i\u00e7in hava kompres\u00f6rlerine yo\u011fun olarak ba\u011f\u0131ml\u0131d\u0131r. Bunlar pn\u00f6matik sondajda, rafinerilerde ve petrokimya tesislerinde pn\u00f6matik aletlere g\u00fc\u00e7 sa\u011flamada, pn\u00f6matik valfleri ve akt\u00fcat\u00f6rleri \u00e7al\u0131\u015ft\u0131rmada ve kontrol sistemleri i\u00e7in enstr\u00fcman havas\u0131 sa\u011flamada kullan\u0131l\u0131r.<\/p>\n<p>5. <strong>Yiyecek ve \u0130\u00e7ecek:<\/strong> Hava kompres\u00f6rleri, g\u0131da ve i\u00e7ecek end\u00fcstrisinde paketleme, \u015fi\u015feleme ve m\u00fch\u00fcrleme gibi i\u015flerde kullan\u0131l\u0131r. Pn\u00f6matik ta\u015f\u0131ma sistemlerine g\u00fc\u00e7 sa\u011flarlar, g\u0131da i\u015fleme ekipmanlar\u0131nda hava bas\u0131nc\u0131n\u0131 kontrol ederler ve g\u0131da i\u015fleme ve depolama i\u00e7in temiz bas\u0131n\u00e7l\u0131 hava sa\u011flarlar.<\/p>\n<p>6. <strong>\u0130la\u00e7 ve Sa\u011fl\u0131k Hizmetleri:<\/strong> Hava kompres\u00f6rleri, ila\u00e7 \u00fcretimi ve sa\u011fl\u0131k tesislerinde uygulama alan\u0131 bulmaktad\u0131r. Ventilat\u00f6rler ve di\u015f aletleri gibi t\u0131bbi ekipmanlar\u0131n \u00e7al\u0131\u015ft\u0131r\u0131lmas\u0131nda kullan\u0131l\u0131rlar. S\u0131k\u0131\u015ft\u0131r\u0131lm\u0131\u015f hava ayr\u0131ca tablet kaplama, ak\u0131\u015fkan yatakl\u0131 kurutma ve aseptik paketleme dahil olmak \u00fczere ila\u00e7 s\u00fcre\u00e7lerinde de kullan\u0131l\u0131r.<\/p>\n<p>7. <strong>Havac\u0131l\u0131k ve Uzay:<\/strong> Havac\u0131l\u0131k ve uzay end\u00fcstrisi, u\u00e7ak bak\u0131m\u0131 ve montaj\u0131 da dahil olmak \u00fczere \u00e7e\u015fitli uygulamalar i\u00e7in hava kompres\u00f6rlerine ihtiya\u00e7 duyar. U\u00e7ak onar\u0131m\u0131 i\u00e7in pn\u00f6matik aletlere g\u00fc\u00e7 sa\u011flarlar, sistemlerin temizlenmesi ve bas\u0131n\u00e7land\u0131r\u0131lmas\u0131 i\u00e7in bas\u0131n\u00e7l\u0131 hava sa\u011flarlar ve lastik \u015fi\u015firme ve u\u00e7ak buz \u00e7\u00f6zme gibi yer operasyonlar\u0131n\u0131 desteklerler.<\/p>\n<p>8. <strong>Madencilik:<\/strong> Hava kompres\u00f6rleri madencilik sekt\u00f6r\u00fcnde yayg\u0131n olarak kullan\u0131lmaktad\u0131r. Sondaj, kaya patlatma ve kaz\u0131 i\u00e7in kullan\u0131lan pn\u00f6matik aletlere g\u00fc\u00e7 sa\u011flarlar. Bas\u0131n\u00e7l\u0131 hava ayr\u0131ca havaland\u0131rma, malzeme ta\u015f\u0131ma ve yer alt\u0131 ekipmanlar\u0131n\u0131n \u00e7al\u0131\u015ft\u0131r\u0131lmas\u0131 i\u00e7in de kullan\u0131l\u0131r.<\/p>\n<p>9. <strong>Enerji ve Kamu Hizmetleri:<\/strong> Hava kompres\u00f6rleri enerji ve kamu hizmetleri sekt\u00f6r\u00fcnde hayati bir rol oynar. Enerji \u00fcretim santrallerinde pn\u00f6matik kontrol sistemleri, enstr\u00fcman havas\u0131 ve pn\u00f6matik vanalar\u0131n \u00e7al\u0131\u015ft\u0131r\u0131lmas\u0131 i\u00e7in kullan\u0131l\u0131rlar. Bas\u0131n\u00e7l\u0131 hava ayr\u0131ca temizlik ve bak\u0131m ama\u00e7l\u0131 da kullan\u0131l\u0131r.<\/p>\n<p>Bunlar, hava kompres\u00f6rlerinin yayg\u0131n olarak kullan\u0131ld\u0131\u011f\u0131 sekt\u00f6rlerden sadece birka\u00e7 \u00f6rnektir. Hava kompres\u00f6rlerinin \u00e7ok y\u00f6nl\u00fcl\u00fc\u011f\u00fc ve g\u00fcvenilirli\u011fi, onlar\u0131 \u00e7e\u015fitli sekt\u00f6rlerdeki say\u0131s\u0131z uygulamada vazge\u00e7ilmez k\u0131lmaktad\u0131r.<\/p>\n<p><img decoding=\"async\" src=\"https:\/\/img.hzpt.com\/img\/air-compressor\/air-compressor-L1.webp\" alt=\"China manufacturer Compectitive Vacuum Air Compressor for SPA Pool   air compressor price\"><img decoding=\"async\" src=\"https:\/\/img.hzpt.com\/img\/air-compressor\/air-compressor-L2.webp\" alt=\"China manufacturer Compectitive Vacuum Air Compressor for SPA Pool   air compressor price\"><br \/>CX taraf\u0131ndan 11.10.2023 tarihinde d\u00fczenlenmi\u015ftir.<\/p>","protected":false},"excerpt":{"rendered":"<p>\u00dcr\u00fcn Tan\u0131m\u0131 SCB Hava Kompres\u00f6r\u00fc Giri\u015f SCB Vakum, uzun y\u0131llard\u0131r \u00fcfleyici geli\u015ftiren bir \u015firkettir. Ba\u015fl\u0131ca \u00fcr\u00fcnlerimiz hava kompres\u00f6r\u00fc, vakum \u00fcfleyici, santrif\u00fcj \u00fcfleyici, rejeneratif \u00fcfleyici, hava \u00fcfleyici, kay\u0131\u015f tahrikli \u00fcfleyici ve t\u00fcm par\u00e7alar\u0131d\u0131r. Geni\u015f \u00fcr\u00fcn yelpazemiz piyasada size b\u00fcy\u00fck destek sa\u011flayacakt\u0131r. Hava kompres\u00f6rleri, t\u00fcm \u00fcfleyicilere istikrarl\u0131 bir performans sa\u011flamak i\u00e7in kal\u0131p d\u00f6k\u00fcm tekni\u011fi kullan\u0131larak \u00fcretilmektedir. [\u2026]<\/p>","protected":false},"author":1,"featured_media":0,"comment_status":"open","ping_status":"open","sticky":false,"template":"","format":"standard","meta":{"_et_pb_use_builder":"","_et_pb_old_content":"","_et_gb_content_width":"","footnotes":""},"categories":[1],"tags":[3,4,5,6,57,284,11,59,12,13,15,16,18,109,110,285,287,288,1049],"class_list":["post-293","post","type-post","status-publish","format-standard","hentry","category-uncategorized","tag-air-air-compressor","tag-air-compressor","tag-air-compressor-air-compressor","tag-air-compressor-china","tag-air-compressor-manufacturer","tag-air-compressor-price","tag-china-air-compressor","tag-china-air-compressor-manufacturer","tag-china-compressor","tag-china-compressor-air","tag-compressor","tag-compressor-air-compressor","tag-compressor-compressor","tag-compressor-for","tag-compressor-for-air","tag-compressor-price","tag-price-air-compressor","tag-price-compressor","tag-vacuum-air-compressor"],"_links":{"self":[{"href":"https:\/\/n2-compressor.com\/tr\/wp-json\/wp\/v2\/posts\/293","targetHints":{"allow":["GET"]}}],"collection":[{"href":"https:\/\/n2-compressor.com\/tr\/wp-json\/wp\/v2\/posts"}],"about":[{"href":"https:\/\/n2-compressor.com\/tr\/wp-json\/wp\/v2\/types\/post"}],"author":[{"embeddable":true,"href":"https:\/\/n2-compressor.com\/tr\/wp-json\/wp\/v2\/users\/1"}],"replies":[{"embeddable":true,"href":"https:\/\/n2-compressor.com\/tr\/wp-json\/wp\/v2\/comments?post=293"}],"version-history":[{"count":0,"href":"https:\/\/n2-compressor.com\/tr\/wp-json\/wp\/v2\/posts\/293\/revisions"}],"wp:attachment":[{"href":"https:\/\/n2-compressor.com\/tr\/wp-json\/wp\/v2\/media?parent=293"}],"wp:term":[{"taxonomy":"category","embeddable":true,"href":"https:\/\/n2-compressor.com\/tr\/wp-json\/wp\/v2\/categories?post=293"},{"taxonomy":"post_tag","embeddable":true,"href":"https:\/\/n2-compressor.com\/tr\/wp-json\/wp\/v2\/tags?post=293"}],"curies":[{"name":"wp","href":"https:\/\/api.w.org\/{rel}","templated":true}]}}